{"id":253756,"date":"2021-05-27T15:02:00","date_gmt":"2021-05-27T14:02:00","guid":{"rendered":"https:\/\/www.futurecobioscience.com\/futureco-bioscience-renueva-su-compromiso-con-el-pacto-mundial-de-las-naciones-unidas-para-2021\/"},"modified":"2025-12-18T12:11:42","modified_gmt":"2025-12-18T11:11:42","slug":"futureco-bioscience-renueva-su-compromiso-con-el-pacto-mundial-de-las-naciones-unidas-para-2021","status":"publish","type":"post","link":"https:\/\/www.futurecobioscience.com\/pt-pt\/futureco-bioscience-renueva-su-compromiso-con-el-pacto-mundial-de-las-naciones-unidas-para-2021\/","title":{"rendered":"A Futureco Bioscience renova seu compromisso com o Pacto Global das Na\u00e7\u00f5es Unidas para 2021"},"content":{"rendered":"<p>El Pacto Mundial de las Naciones Unidas es la iniciativa por la sostenibilidad corporativa m\u00e1s grande del mundo. Est\u00e1 basado en la visi\u00f3n del antiguo Secretario General de las Naciones Unidas, Kofi Annan, quien, en el Foro Econ\u00f3mico Mundial de 1999, hizo un llamamiento a l\u00edderes empresariales para que se aliaran con la Organizaci\u00f3n para crear as\u00ed un \u00abimpacto global\u00bb en cuesti\u00f3n de valores y principios compartidos para aportar una faceta humana al mercado global.<\/p>\n<p>El Pacto Mundial da soporte y sigue a las empresas para que incorporen 10 principios universales relacionados con los derechos humanos, el trabajo, el medio ambiente y la lucha contra la corrupci\u00f3n en sus estrategias y operaciones, as\u00ed como para que act\u00faen de forma que avancen los objetivos sociales y la implementaci\u00f3n de los 17 Objetivos de Desarrollo Sostenible (ODS). Futureco Bioscience forma parte de los miles de empresas responsables de todos los tama\u00f1os y sectores de todo el mundo comprometidas a integrar la sostenibilidad en sus estrategias y operaciones principales tanto para el beneficio de la sociedad como para el propio.<\/p>\n<p>Futureco Bioscience apuesta con firmeza por los valores de calidad, innovaci\u00f3n, y responsabilidad ambiental que transmitimos, interna y externamente, con la visi\u00f3n de crear valor desde el conocimiento. En nuestro ADN est\u00e1n los principios ligados al medio ambiente del Pacto Mundial, y a los ODS vinculados tambi\u00e9n con esta \u00e1rea, como son el 12, 13, 14 y 15. A lo largo de los a\u00f1os, estos se han traducido en planes de acci\u00f3n con un compromiso continuo de exigencia y liderazgo en prevenci\u00f3n en materia de seguridad, cumplimiento de los plazos de entrega y compromiso, aplicaci\u00f3n de la sostenibilidad y de las nuevas tecnolog\u00edas, exigencia en calidad, gesti\u00f3n medioambiental y gesti\u00f3n social apoyando iniciativas relacionadas con nuestra actividad que crean valor para la comunidad.<\/p>\n<p>Futureco Bioscience ha presentado su Informe de Progreso (COP) del periodo 2019-2020, que engloba por lo tanto todo el a\u00f1o 2020, en el cual el mundo entero ha tenido que enfrentarse a la emergencia sanitaria por el coronavirus COVID-19. En el informe, se presentan las acciones y los avances de la empresa hacia el cumplimiento de los 17 ODS, seg\u00fan los 10 principios de la iniciativa.<\/p>\n<p>Entre las acciones del \u00faltimo periodo hay que destacar la\u00a0certificaci\u00f3n acreditada por ENAC de 4 proyectos de I+D\u00a0junto con la\u00a0<a href=\"https:\/\/www.futurecobioscience.com\/es\/la-hoja\/futureco-bioscience-acredita-su-laboratorio-de-analisis-quimico-270.html\" target=\"_blank\" rel=\"noreferrer noopener\">acreditaci\u00f3n de ENAC al Laboratorio de An\u00e1lisis Qu\u00edmico<\/a>, hechos que denotan y garantizan la calidad de sus productos, mientras que consolidan el proceso de mejora continua y el alto grado de competencia t\u00e9cnica e innovadora dentro del sector.<\/p>\n<p>En el \u00faltimo a\u00f1o, adem\u00e1s, Futureco Bioscience ha sido\u00a0<a href=\"https:\/\/porelclima.es\/futurecobiosci\" target=\"_blank\" rel=\"noreferrer noopener\">elegida por la Comunidad #PorElClima como Ejemplo Empresarial 2020<\/a>, gracias al proyecto\u00a0<a href=\"https:\/\/www.genomaat.com\/\" target=\"_blank\" rel=\"noreferrer noopener\">Genomaat\u00a0<\/a>y a su contribuci\u00f3n en promover un sistema de principios y pr\u00e1cticas agr\u00edcolas acordes a la agricultura regenerativa, que enriquezca la biodiversidad de los suelos, y fortalezca los ecosistemas.\u00a0Esta iniciativa contribuye finalmente a aumentar la captura de carbono en el suelo y en la biomasa superficial, invirtiendo las actuales tendencias mundiales de acumulaci\u00f3n en la atm\u00f3sfera. El aumento de la materia org\u00e1nica del suelo, al mismo tiempo, repercute de forma directa en la productividad, ofreciendo mayores rendimientos, resistencia a la inestabilidad clim\u00e1tica y una mayor salud y vitalidad para las comunidades agr\u00edcolas.<\/p>\n<p>Con respecto al hacer frente a la emergencia clim\u00e1tica, hemos mejorado tambi\u00e9n el dise\u00f1o de embalajes, implementando una opci\u00f3n eco-sostenible de cart\u00f3n que introduce en el sistema un 87% menos de pl\u00e1stico (en peso), reduciendo el impacto ambiental en el planeta.<\/p>\n<p>En este \u00faltimo a\u00f1o, las circunstancias han sido complicadas para todos, pero es precisamente en estos momentos cuando surgen las iniciativas m\u00e1s innovadoras que contribuyen a la mejora continua del entorno y la sociedad. En palabras del CEO Rafael Juncosa, \u201cLa irrupci\u00f3n del COVID nos est\u00e1 proporcionando grandes aprendizajes y nos est\u00e1 sirviendo para acelerar la tendencia sostenible y regenerativa, reforzando la transici\u00f3n ecol\u00f3gica. Al mismo tiempo, al aumentar la presencia digital de los ciudadanos se ha establecido una relaci\u00f3n mucho m\u00e1s directa con las empresas, exigiendo, por tanto, m\u00e1s transparencia empresarial. Con todo ello, estoy convencido de que nuestra sociedad, y la empresa, van a salir reforzados de esta experiencia\u201d.\u00a0<\/p>\n","protected":false},"excerpt":{"rendered":"<p>El Pacto Mundial de las Naciones Unidas es la iniciativa por la sostenibilidad corporativa m\u00e1s grande del mundo. Est\u00e1 basado en la visi\u00f3n del antiguo Secretario General de las Naciones Unidas, Kofi Annan, quien, en el Foro Econ\u00f3mico Mundial de 1999, hizo un llamamiento a l\u00edderes empresariales para que se aliaran con la Organizaci\u00f3n para [&hellip;]<\/p>\n","protected":false},"author":3,"featured_media":253759,"comment_status":"open","ping_status":"open","sticky":false,"template":"","format":"standard","meta":{"_acf_changed":false,"footnotes":""},"categories":[197],"tags":[],"class_list":["post-253756","post","type-post","status-publish","format-standard","has-post-thumbnail","hentry","category-noticias-pt"],"acf":[],"_links":{"self":[{"href":"https:\/\/www.futurecobioscience.com\/pt-pt\/wp-json\/wp\/v2\/posts\/253756","targetHints":{"allow":["GET"]}}],"collection":[{"href":"https:\/\/www.futurecobioscience.com\/pt-pt\/wp-json\/wp\/v2\/posts"}],"about":[{"href":"https:\/\/www.futurecobioscience.com\/pt-pt\/wp-json\/wp\/v2\/types\/post"}],"author":[{"embeddable":true,"href":"https:\/\/www.futurecobioscience.com\/pt-pt\/wp-json\/wp\/v2\/users\/3"}],"replies":[{"embeddable":true,"href":"https:\/\/www.futurecobioscience.com\/pt-pt\/wp-json\/wp\/v2\/comments?post=253756"}],"version-history":[{"count":1,"href":"https:\/\/www.futurecobioscience.com\/pt-pt\/wp-json\/wp\/v2\/posts\/253756\/revisions"}],"predecessor-version":[{"id":253761,"href":"https:\/\/www.futurecobioscience.com\/pt-pt\/wp-json\/wp\/v2\/posts\/253756\/revisions\/253761"}],"wp:featuredmedia":[{"embeddable":true,"href":"https:\/\/www.futurecobioscience.com\/pt-pt\/wp-json\/wp\/v2\/media\/253759"}],"wp:attachment":[{"href":"https:\/\/www.futurecobioscience.com\/pt-pt\/wp-json\/wp\/v2\/media?parent=253756"}],"wp:term":[{"taxonomy":"category","embeddable":true,"href":"https:\/\/www.futurecobioscience.com\/pt-pt\/wp-json\/wp\/v2\/categories?post=253756"},{"taxonomy":"post_tag","embeddable":true,"href":"https:\/\/www.futurecobioscience.com\/pt-pt\/wp-json\/wp\/v2\/tags?post=253756"}],"curies":[{"name":"wp","href":"https:\/\/api.w.org\/{rel}","templated":true}]}}